{"id":2241,"date":"2018-02-22T09:01:48","date_gmt":"2018-02-22T08:01:48","guid":{"rendered":"http:\/\/bandapassons.it\/gfp\/?p=2241"},"modified":"2018-03-19T00:33:45","modified_gmt":"2018-03-18T23:33:45","slug":"balla-con-me","status":"publish","type":"post","link":"https:\/\/bandapassons.it\/gfp\/balla-con-me\/","title":{"rendered":"Balla con me!"},"content":{"rendered":"<h1 style=\"text-align: left;\" align=\"center\"><span style=\"font-size: 14px;\"><span style=\"font-family: verdana,geneva,sans-serif;\"><strong>DEBUTTA LO SPETTACOLO DI TEATRO MUSICALE PER BAMBINI &#8220;BALLA CON ME&#8221;, DEL MAESTRO OLANDESE JO CONJAERTS<\/strong><\/span><\/span><\/h1>\n<h2 style=\"text-align: left;\" align=\"center\"><em><span style=\"font-size: 14px;\"><span style=\"font-family: verdana,geneva,sans-serif;\">Quattro le date in calendario: doppia &#8220;prima&#8221; venerd\u00ec 23 febbraio, a Povoletto e a Bertiolo, e repliche sabato 24, a Pasian di Prato, e domenica 25 a Camino al Tagliamento<\/span><\/span><\/em><\/h2>\n<p style=\"text-align: justify;\"><span style=\"font-size: 14px;\"><span style=\"font-family: verdana,geneva,sans-serif;\">Il grande impegno di una cordata composta dall&#8217;<strong>Associazione<\/strong> <strong>Culturale Musicale &#8220;Filarmonica la prime l\u00fbs 1812&#8221; di Bertiolo<\/strong>, dalla <strong>Corale Caminese<\/strong>, di Camino al Tagliamento, dal <strong>Gruppo Folkoristico di Passons<\/strong> e dall\u2019<strong>Associazione<\/strong> <strong>Culturale Musicale &#8220;Euritmia&#8221;<\/strong> di Povoletto ha permesso l&#8217;allestimento di un incantevole <strong>spettacolo di teatro musicale per bambini, &#8220;Balla con me&#8221;<\/strong> (titolo originale &#8220;Tanz mit&#8221;), che verr\u00e0 presentato in <strong>prima assoluta <\/strong><strong>venerd\u00ec 23 febbraio<\/strong>, con un doppio appuntamento: quello del mattino, in programma per le 10.30 nell\u2019auditorium comunale di <strong>Povoletto<\/strong>, \u00e8 rivolto alle scuole; in serata, invece, la performance sar\u00e0 aperta al pubblico in genere, che potr\u00e0 assistere alla rappresentazione nell\u2019auditorium di <strong>Bertiolo <\/strong>(sipario alle 20.30). Seguiranno due ulteriori date: <strong><span style=\"color: #b22222;\">sabato 24 febbraio lo spettacolo verr\u00e0 proposto nell\u2019auditorium &#8220;E. Venier&#8221; di Pasian di Prato,<\/span><\/strong> pure in questo caso alle 20.30; domenica 25 febbraio, infine, ad ospitare &#8220;Balla con me&#8221; sar\u00e0, alle 16.30, il teatro comunale di <strong>Camino al Tagliamento<\/strong>.<\/span><\/span><\/p>\n<p style=\"text-align: justify;\"><span style=\"font-size: 14px;\"><span style=\"font-family: verdana,geneva,sans-serif;\"><strong>La storia.<\/strong> &#8220;Balla con me&#8221; racconta l&#8217;avventura dell\u2019orsetto Brumm Tango, catturato dai cacciatori nel bosco di Jakustk e portato in un circo, con l&#8217;obiettivo di farne un orso ballerino. <strong>La fiaba \u00e8 a firma del<\/strong> <strong>musicista e direttore d\u2019orchestra olandese Jo Conjaerts<\/strong>, di casa in Friuli Venezia Giulia ormai da parecchi anni: il maestro ha concepito l&#8217;opera come una composizione didattica da poter riproporre anche nelle scuole medie e superiori, con il coinvolgimento degli studenti in ogni sua parte, dalla recitazione al canto, fino all&#8217;orchestra, all&#8217;allestimento della scenografia e alla preparazione dei costumi. Sul palco, diretti dal <strong>regista Tommaso Pecile<\/strong> e con la <strong>direzione musicale di Chiara Vidoni<\/strong>, vi saranno tre attori, un gruppo strumentale, composto da musicisti delle associazioni aderenti al progetto e preparato da Franco Brusini e Chiara Vidoni, e un coro di bambini: quest&#8217;ultimo \u00e8 formato dagli allievi delle scuole di musica della quattro associazioni coinvolte ed \u00e8 stato seguito da Irina Guerra, Arianna Plazotta, Tiziana Valvassori e Francesco Zorzini<\/span><\/span><\/p>\n<p style=\"text-align: justify;\"><span style=\"font-size: 14px;\"><span style=\"font-family: verdana,geneva,sans-serif;\"><strong>Lavoro di squadra.<\/strong> Lo spettacolo \u00e8 il frutto di un grande lavoro di squadra, che ha appunto impegnato le quattro realt\u00e0 artistico-musicali sopra citate e che si \u00e8 avvalso del contributo\u00a0della Regione, tramite il Servizio volontariato, associazionismo, politiche per i migranti e politiche giovanili. L&#8217;evento scenico gode del patrocinio dei Comuni di Bertiolo, Camino al Tagliamento, Pasian di Prato e Povoletto.<\/span><\/span><\/p>\n<p style=\"text-align: justify;\"><span style=\"font-size: 14px;\"><span style=\"font-family: verdana,geneva,sans-serif;\"><strong>L&#8217;autore. <\/strong>Jo Conjaerts \u00e8 nato a Herleen, nei Paesi Bassi, nel 1941. Ha iniziato i suoi studi musicali al Conservatorio Reale di Maastricht, frequentando le classi di trombone, corno e percussioni. E&#8217; stato musicista della Banda Reale dell&#8217;Aeronautica olandese e successivamente, dopo aver lasciato tale complesso, ha conseguito il diploma in Metodologia e pedagogia musicale e in Direzione e strumentazione per banda al Conservatorio Reale di Maastricht, dove dal 1980 al 2012 \u00e8 stato docente di Direzione e con il quale collabora tuttora, come esaminatore esterno. Ha lavorato con vari tipi di complessi di fiati e con molte bande non professioniste, dedicandosi nel contempo all&#8217;insegnamento della musica in tutti i gradi scolastici e accademici. Il prestigio di Jo Conjaerts \u00e8 riconosciuto su scala internazionale: \u00e8 considerato figura artistica di primo piano, oltre che nei Paesi Bassi, in Belgio, Polonia, Portogallo, Italia, Francia, Germania, Lussemburgo, Austria, Repubblica Ceca, Stati in cui viene spesso invitato a tenere seminari di Direzione a giovani studenti cos\u00ec come a direttori o a svolgere il ruolo di membro di giuria in prestigiosi concorsi musicali; sempre in qualit\u00e0 di giurato partecipa ad alcuni dei principali concorsi internazionali in Lettonia, Danimarca e Svizzera. E&#8217; direttore artistico e musicale e organizzatore dell&#8217;Internazionale Musiktage di V\u00f6cklabruck, in Austria, ed \u00e8 stato il delegato olandese nella International Confederation Music Society. E&#8217; inoltre membro della giuria del Concorso Internazionale per Giovani Strumentisti di Povoletto, fin dalla sua istituzione. Al suo attivo pubblicazioni sui metodi per percussioni e per direzione e arrangiamenti e composizioni per banda.<\/span><\/span><\/p>\n","protected":false},"excerpt":{"rendered":"<p>Quattro le date in calendario: doppia &#8220;prima&#8221; venerd\u00ec 23 febbraio, a Povoletto e a Bertiolo, e repliche sabato 24, a Pasian di Prato, e domenica 25 a Camino al Tagliamento<\/p>\n","protected":false},"author":1,"featured_media":3073,"comment_status":"open","ping_status":"open","sticky":false,"template":"","format":"standard","meta":{"_monsterinsights_skip_tracking":false,"_monsterinsights_sitenote_active":false,"_monsterinsights_sitenote_note":"","_monsterinsights_sitenote_category":0,"footnotes":""},"categories":[133],"tags":[141],"class_list":["post-2241","post","type-post","status-publish","format-standard","has-post-thumbnail","hentry","category-gruppo","tag-scuoladimusica"],"yoast_head":"<!-- This site is optimized with the Yoast SEO plugin v27.4 - https:\/\/yoast.com\/product\/yoast-seo-wordpress\/ -->\n<title>Balla con me! - Gruppo Folkloristico Passons - APS<\/title>\n<meta name=\"robots\" content=\"index, follow, max-snippet:-1, max-image-preview:large, max-video-preview:-1\" \/>\n<link rel=\"canonical\" href=\"https:\/\/bandapassons.it\/gfp\/balla-con-me\/\" \/>\n<meta property=\"og:locale\" content=\"it_IT\" \/>\n<meta property=\"og:type\" content=\"article\" \/>\n<meta property=\"og:title\" content=\"Balla con me! - Gruppo Folkloristico Passons - APS\" \/>\n<meta property=\"og:description\" content=\"Quattro le date in calendario: doppia &quot;prima&quot; venerd\u00ec 23 febbraio, a Povoletto e a Bertiolo, e repliche sabato 24, a Pasian di Prato, e domenica 25 a Camino al Tagliamento\" \/>\n<meta property=\"og:url\" content=\"https:\/\/bandapassons.it\/gfp\/balla-con-me\/\" \/>\n<meta property=\"og:site_name\" content=\"Gruppo Folkloristico Passons - APS\" \/>\n<meta property=\"article:published_time\" content=\"2018-02-22T08:01:48+00:00\" \/>\n<meta property=\"article:modified_time\" content=\"2018-03-18T23:33:45+00:00\" \/>\n<meta property=\"og:image\" content=\"https:\/\/bandapassons.it\/gfp\/wp-content\/uploads\/2018\/02\/BALLA-CON-ME.jpg\" \/>\n\t<meta property=\"og:image:width\" content=\"560\" \/>\n\t<meta property=\"og:image:height\" content=\"397\" \/>\n\t<meta property=\"og:image:type\" content=\"image\/jpeg\" \/>\n<meta name=\"author\" content=\"admin\" \/>\n<meta name=\"twitter:card\" content=\"summary_large_image\" \/>\n<meta name=\"twitter:label1\" content=\"Scritto da\" \/>\n\t<meta name=\"twitter:data1\" content=\"admin\" \/>\n\t<meta name=\"twitter:label2\" content=\"Tempo di lettura stimato\" \/>\n\t<meta name=\"twitter:data2\" content=\"3 minuti\" \/>\n<script type=\"application\/ld+json\" class=\"yoast-schema-graph\">{\"@context\":\"https:\\\/\\\/schema.org\",\"@graph\":[{\"@type\":\"Article\",\"@id\":\"https:\\\/\\\/bandapassons.it\\\/gfp\\\/balla-con-me\\\/#article\",\"isPartOf\":{\"@id\":\"https:\\\/\\\/bandapassons.it\\\/gfp\\\/balla-con-me\\\/\"},\"author\":{\"name\":\"admin\",\"@id\":\"https:\\\/\\\/bandapassons.it\\\/gfp\\\/#\\\/schema\\\/person\\\/187b193369c836ae2eb448289640e458\"},\"headline\":\"Balla con me!\",\"datePublished\":\"2018-02-22T08:01:48+00:00\",\"dateModified\":\"2018-03-18T23:33:45+00:00\",\"mainEntityOfPage\":{\"@id\":\"https:\\\/\\\/bandapassons.it\\\/gfp\\\/balla-con-me\\\/\"},\"wordCount\":672,\"commentCount\":0,\"image\":{\"@id\":\"https:\\\/\\\/bandapassons.it\\\/gfp\\\/balla-con-me\\\/#primaryimage\"},\"thumbnailUrl\":\"https:\\\/\\\/bandapassons.it\\\/gfp\\\/wp-content\\\/uploads\\\/2018\\\/02\\\/BALLA-CON-ME.jpg\",\"keywords\":[\"#scuoladimusica\"],\"articleSection\":[\"Gruppo\"],\"inLanguage\":\"it-IT\",\"potentialAction\":[{\"@type\":\"CommentAction\",\"name\":\"Comment\",\"target\":[\"https:\\\/\\\/bandapassons.it\\\/gfp\\\/balla-con-me\\\/#respond\"]}]},{\"@type\":\"WebPage\",\"@id\":\"https:\\\/\\\/bandapassons.it\\\/gfp\\\/balla-con-me\\\/\",\"url\":\"https:\\\/\\\/bandapassons.it\\\/gfp\\\/balla-con-me\\\/\",\"name\":\"Balla con me! - Gruppo Folkloristico Passons - APS\",\"isPartOf\":{\"@id\":\"https:\\\/\\\/bandapassons.it\\\/gfp\\\/#website\"},\"primaryImageOfPage\":{\"@id\":\"https:\\\/\\\/bandapassons.it\\\/gfp\\\/balla-con-me\\\/#primaryimage\"},\"image\":{\"@id\":\"https:\\\/\\\/bandapassons.it\\\/gfp\\\/balla-con-me\\\/#primaryimage\"},\"thumbnailUrl\":\"https:\\\/\\\/bandapassons.it\\\/gfp\\\/wp-content\\\/uploads\\\/2018\\\/02\\\/BALLA-CON-ME.jpg\",\"datePublished\":\"2018-02-22T08:01:48+00:00\",\"dateModified\":\"2018-03-18T23:33:45+00:00\",\"author\":{\"@id\":\"https:\\\/\\\/bandapassons.it\\\/gfp\\\/#\\\/schema\\\/person\\\/187b193369c836ae2eb448289640e458\"},\"breadcrumb\":{\"@id\":\"https:\\\/\\\/bandapassons.it\\\/gfp\\\/balla-con-me\\\/#breadcrumb\"},\"inLanguage\":\"it-IT\",\"potentialAction\":[{\"@type\":\"ReadAction\",\"target\":[\"https:\\\/\\\/bandapassons.it\\\/gfp\\\/balla-con-me\\\/\"]}]},{\"@type\":\"ImageObject\",\"inLanguage\":\"it-IT\",\"@id\":\"https:\\\/\\\/bandapassons.it\\\/gfp\\\/balla-con-me\\\/#primaryimage\",\"url\":\"https:\\\/\\\/bandapassons.it\\\/gfp\\\/wp-content\\\/uploads\\\/2018\\\/02\\\/BALLA-CON-ME.jpg\",\"contentUrl\":\"https:\\\/\\\/bandapassons.it\\\/gfp\\\/wp-content\\\/uploads\\\/2018\\\/02\\\/BALLA-CON-ME.jpg\",\"width\":560,\"height\":397},{\"@type\":\"BreadcrumbList\",\"@id\":\"https:\\\/\\\/bandapassons.it\\\/gfp\\\/balla-con-me\\\/#breadcrumb\",\"itemListElement\":[{\"@type\":\"ListItem\",\"position\":1,\"name\":\"Home\",\"item\":\"https:\\\/\\\/bandapassons.it\\\/gfp\\\/\"},{\"@type\":\"ListItem\",\"position\":2,\"name\":\"Balla con me!\"}]},{\"@type\":\"WebSite\",\"@id\":\"https:\\\/\\\/bandapassons.it\\\/gfp\\\/#website\",\"url\":\"https:\\\/\\\/bandapassons.it\\\/gfp\\\/\",\"name\":\"Gruppo Folkloristico Passons - APS\",\"description\":\"Scuola di Musica ~ Banda Musicale ~ Balletto Folkloristico ~ Allegre con Brio\",\"potentialAction\":[{\"@type\":\"SearchAction\",\"target\":{\"@type\":\"EntryPoint\",\"urlTemplate\":\"https:\\\/\\\/bandapassons.it\\\/gfp\\\/?s={search_term_string}\"},\"query-input\":{\"@type\":\"PropertyValueSpecification\",\"valueRequired\":true,\"valueName\":\"search_term_string\"}}],\"inLanguage\":\"it-IT\"},{\"@type\":\"Person\",\"@id\":\"https:\\\/\\\/bandapassons.it\\\/gfp\\\/#\\\/schema\\\/person\\\/187b193369c836ae2eb448289640e458\",\"name\":\"admin\",\"image\":{\"@type\":\"ImageObject\",\"inLanguage\":\"it-IT\",\"@id\":\"https:\\\/\\\/secure.gravatar.com\\\/avatar\\\/82721a774fc13a2cd26bb47634166ddd1e72ad269c07f63b287818174d9d0b7e?s=96&d=mm&r=g\",\"url\":\"https:\\\/\\\/secure.gravatar.com\\\/avatar\\\/82721a774fc13a2cd26bb47634166ddd1e72ad269c07f63b287818174d9d0b7e?s=96&d=mm&r=g\",\"contentUrl\":\"https:\\\/\\\/secure.gravatar.com\\\/avatar\\\/82721a774fc13a2cd26bb47634166ddd1e72ad269c07f63b287818174d9d0b7e?s=96&d=mm&r=g\",\"caption\":\"admin\"},\"sameAs\":[\"https:\\\/\\\/www.instagram.com\\\/bandapassons\\\/\",\"https:\\\/\\\/www.youtube.com\\\/user\\\/bandapassons\\\/\"],\"url\":\"https:\\\/\\\/bandapassons.it\\\/gfp\\\/author\\\/admin\\\/\"}]}<\/script>\n<!-- \/ Yoast SEO plugin. -->","yoast_head_json":{"title":"Balla con me! - Gruppo Folkloristico Passons - APS","robots":{"index":"index","follow":"follow","max-snippet":"max-snippet:-1","max-image-preview":"max-image-preview:large","max-video-preview":"max-video-preview:-1"},"canonical":"https:\/\/bandapassons.it\/gfp\/balla-con-me\/","og_locale":"it_IT","og_type":"article","og_title":"Balla con me! - Gruppo Folkloristico Passons - APS","og_description":"Quattro le date in calendario: doppia \"prima\" venerd\u00ec 23 febbraio, a Povoletto e a Bertiolo, e repliche sabato 24, a Pasian di Prato, e domenica 25 a Camino al Tagliamento","og_url":"https:\/\/bandapassons.it\/gfp\/balla-con-me\/","og_site_name":"Gruppo Folkloristico Passons - APS","article_published_time":"2018-02-22T08:01:48+00:00","article_modified_time":"2018-03-18T23:33:45+00:00","og_image":[{"width":560,"height":397,"url":"https:\/\/bandapassons.it\/gfp\/wp-content\/uploads\/2018\/02\/BALLA-CON-ME.jpg","type":"image\/jpeg"}],"author":"admin","twitter_card":"summary_large_image","twitter_misc":{"Scritto da":"admin","Tempo di lettura stimato":"3 minuti"},"schema":{"@context":"https:\/\/schema.org","@graph":[{"@type":"Article","@id":"https:\/\/bandapassons.it\/gfp\/balla-con-me\/#article","isPartOf":{"@id":"https:\/\/bandapassons.it\/gfp\/balla-con-me\/"},"author":{"name":"admin","@id":"https:\/\/bandapassons.it\/gfp\/#\/schema\/person\/187b193369c836ae2eb448289640e458"},"headline":"Balla con me!","datePublished":"2018-02-22T08:01:48+00:00","dateModified":"2018-03-18T23:33:45+00:00","mainEntityOfPage":{"@id":"https:\/\/bandapassons.it\/gfp\/balla-con-me\/"},"wordCount":672,"commentCount":0,"image":{"@id":"https:\/\/bandapassons.it\/gfp\/balla-con-me\/#primaryimage"},"thumbnailUrl":"https:\/\/bandapassons.it\/gfp\/wp-content\/uploads\/2018\/02\/BALLA-CON-ME.jpg","keywords":["#scuoladimusica"],"articleSection":["Gruppo"],"inLanguage":"it-IT","potentialAction":[{"@type":"CommentAction","name":"Comment","target":["https:\/\/bandapassons.it\/gfp\/balla-con-me\/#respond"]}]},{"@type":"WebPage","@id":"https:\/\/bandapassons.it\/gfp\/balla-con-me\/","url":"https:\/\/bandapassons.it\/gfp\/balla-con-me\/","name":"Balla con me! - Gruppo Folkloristico Passons - APS","isPartOf":{"@id":"https:\/\/bandapassons.it\/gfp\/#website"},"primaryImageOfPage":{"@id":"https:\/\/bandapassons.it\/gfp\/balla-con-me\/#primaryimage"},"image":{"@id":"https:\/\/bandapassons.it\/gfp\/balla-con-me\/#primaryimage"},"thumbnailUrl":"https:\/\/bandapassons.it\/gfp\/wp-content\/uploads\/2018\/02\/BALLA-CON-ME.jpg","datePublished":"2018-02-22T08:01:48+00:00","dateModified":"2018-03-18T23:33:45+00:00","author":{"@id":"https:\/\/bandapassons.it\/gfp\/#\/schema\/person\/187b193369c836ae2eb448289640e458"},"breadcrumb":{"@id":"https:\/\/bandapassons.it\/gfp\/balla-con-me\/#breadcrumb"},"inLanguage":"it-IT","potentialAction":[{"@type":"ReadAction","target":["https:\/\/bandapassons.it\/gfp\/balla-con-me\/"]}]},{"@type":"ImageObject","inLanguage":"it-IT","@id":"https:\/\/bandapassons.it\/gfp\/balla-con-me\/#primaryimage","url":"https:\/\/bandapassons.it\/gfp\/wp-content\/uploads\/2018\/02\/BALLA-CON-ME.jpg","contentUrl":"https:\/\/bandapassons.it\/gfp\/wp-content\/uploads\/2018\/02\/BALLA-CON-ME.jpg","width":560,"height":397},{"@type":"BreadcrumbList","@id":"https:\/\/bandapassons.it\/gfp\/balla-con-me\/#breadcrumb","itemListElement":[{"@type":"ListItem","position":1,"name":"Home","item":"https:\/\/bandapassons.it\/gfp\/"},{"@type":"ListItem","position":2,"name":"Balla con me!"}]},{"@type":"WebSite","@id":"https:\/\/bandapassons.it\/gfp\/#website","url":"https:\/\/bandapassons.it\/gfp\/","name":"Gruppo Folkloristico Passons - APS","description":"Scuola di Musica ~ Banda Musicale ~ Balletto Folkloristico ~ Allegre con Brio","potentialAction":[{"@type":"SearchAction","target":{"@type":"EntryPoint","urlTemplate":"https:\/\/bandapassons.it\/gfp\/?s={search_term_string}"},"query-input":{"@type":"PropertyValueSpecification","valueRequired":true,"valueName":"search_term_string"}}],"inLanguage":"it-IT"},{"@type":"Person","@id":"https:\/\/bandapassons.it\/gfp\/#\/schema\/person\/187b193369c836ae2eb448289640e458","name":"admin","image":{"@type":"ImageObject","inLanguage":"it-IT","@id":"https:\/\/secure.gravatar.com\/avatar\/82721a774fc13a2cd26bb47634166ddd1e72ad269c07f63b287818174d9d0b7e?s=96&d=mm&r=g","url":"https:\/\/secure.gravatar.com\/avatar\/82721a774fc13a2cd26bb47634166ddd1e72ad269c07f63b287818174d9d0b7e?s=96&d=mm&r=g","contentUrl":"https:\/\/secure.gravatar.com\/avatar\/82721a774fc13a2cd26bb47634166ddd1e72ad269c07f63b287818174d9d0b7e?s=96&d=mm&r=g","caption":"admin"},"sameAs":["https:\/\/www.instagram.com\/bandapassons\/","https:\/\/www.youtube.com\/user\/bandapassons\/"],"url":"https:\/\/bandapassons.it\/gfp\/author\/admin\/"}]}},"_links":{"self":[{"href":"https:\/\/bandapassons.it\/gfp\/wp-json\/wp\/v2\/posts\/2241","targetHints":{"allow":["GET"]}}],"collection":[{"href":"https:\/\/bandapassons.it\/gfp\/wp-json\/wp\/v2\/posts"}],"about":[{"href":"https:\/\/bandapassons.it\/gfp\/wp-json\/wp\/v2\/types\/post"}],"author":[{"embeddable":true,"href":"https:\/\/bandapassons.it\/gfp\/wp-json\/wp\/v2\/users\/1"}],"replies":[{"embeddable":true,"href":"https:\/\/bandapassons.it\/gfp\/wp-json\/wp\/v2\/comments?post=2241"}],"version-history":[{"count":6,"href":"https:\/\/bandapassons.it\/gfp\/wp-json\/wp\/v2\/posts\/2241\/revisions"}],"predecessor-version":[{"id":2998,"href":"https:\/\/bandapassons.it\/gfp\/wp-json\/wp\/v2\/posts\/2241\/revisions\/2998"}],"wp:featuredmedia":[{"embeddable":true,"href":"https:\/\/bandapassons.it\/gfp\/wp-json\/wp\/v2\/media\/3073"}],"wp:attachment":[{"href":"https:\/\/bandapassons.it\/gfp\/wp-json\/wp\/v2\/media?parent=2241"}],"wp:term":[{"taxonomy":"category","embeddable":true,"href":"https:\/\/bandapassons.it\/gfp\/wp-json\/wp\/v2\/categories?post=2241"},{"taxonomy":"post_tag","embeddable":true,"href":"https:\/\/bandapassons.it\/gfp\/wp-json\/wp\/v2\/tags?post=2241"}],"curies":[{"name":"wp","href":"https:\/\/api.w.org\/{rel}","templated":true}]}}